{"id":191,"date":"2026-04-30T10:06:00","date_gmt":"2026-04-30T08:06:00","guid":{"rendered":"https:\/\/www.jeromequenor.fr\/?p=191"},"modified":"2026-04-30T10:06:00","modified_gmt":"2026-04-30T08:06:00","slug":"lutter-contre-les-rentes-defendre-lacces-aux-soins","status":"publish","type":"post","link":"https:\/\/www.jeromequenor.fr\/index.php\/2026\/04\/30\/lutter-contre-les-rentes-defendre-lacces-aux-soins\/","title":{"rendered":"\u00a0Lutter contre les rentes : d\u00e9fendre l\u2019acc\u00e8s aux soins"},"content":{"rendered":"<p>[et_pb_section fb_built=\u00a0\u00bb1&Prime; _builder_version=\u00a0\u00bb4.27.3&Prime; _module_preset=\u00a0\u00bbdefault\u00a0\u00bb global_colors_info=\u00a0\u00bb{}\u00a0\u00bb theme_builder_area=\u00a0\u00bbet_body_layout\u00a0\u00bb][et_pb_row _builder_version=\u00a0\u00bb4.27.3&Prime; _module_preset=\u00a0\u00bbdefault\u00a0\u00bb global_colors_info=\u00a0\u00bb{}\u00a0\u00bb theme_builder_area=\u00a0\u00bbet_body_layout\u00a0\u00bb][et_pb_column type=\u00a0\u00bb4_4&Prime; _builder_version=\u00a0\u00bb4.27.3&Prime; _module_preset=\u00a0\u00bbdefault\u00a0\u00bb global_colors_info=\u00a0\u00bb{}\u00a0\u00bb theme_builder_area=\u00a0\u00bbet_body_layout\u00a0\u00bb][et_pb_text _builder_version=\u00a0\u00bb4.27.3&Prime; _module_preset=\u00a0\u00bbdefault\u00a0\u00bb global_colors_info=\u00a0\u00bb{}\u00a0\u00bb theme_builder_area=\u00a0\u00bbet_body_layout\u00a0\u00bb hover_enabled=\u00a0\u00bb0&Prime; sticky_enabled=\u00a0\u00bb0&Prime;]<\/p>\n<div dir=\"auto\">En France, dire la v\u00e9rit\u00e9 trop t\u00f4t est souvent per\u00e7u comme une provocation.<\/div>\n<div dir=\"auto\">Dix ans plus tard, cette v\u00e9rit\u00e9 finit toujours par s\u2019imposer.<\/div>\n<div dir=\"auto\">La mienne est simple :<\/div>\n<div dir=\"auto\"><\/div>\n<div dir=\"auto\">le blocage de l\u2019acc\u00e8s aux soins dans notre pays n\u2019est pas un accident.<\/div>\n<div dir=\"auto\">Il est syst\u00e9mique.<\/div>\n<div dir=\"auto\">Il est organis\u00e9.<\/div>\n<div dir=\"auto\"><\/div>\n<div dir=\"auto\">Et il prot\u00e8ge, de fait, des int\u00e9r\u00eats \u00e9tablis.<\/div>\n<div dir=\"auto\">2012 : agir quand d\u2019autres observent<\/div>\n<div dir=\"auto\"><b>En 2012, j\u2019ai cr\u00e9\u00e9 des centres de t\u00e9l\u00e9m\u00e9decine<span>\u00a0<\/span><\/b>dans des zones o\u00f9 il n\u2019y avait plus de solution.<\/div>\n<div dir=\"auto\">Pas de th\u00e9orie.<\/div>\n<div dir=\"auto\">Des patients.<\/div>\n<p>[\/et_pb_text][\/et_pb_column][\/et_pb_row][et_pb_row _builder_version=\u00a0\u00bb4.27.3&Prime; _module_preset=\u00a0\u00bbdefault\u00a0\u00bb global_colors_info=\u00a0\u00bb{}\u00a0\u00bb theme_builder_area=\u00a0\u00bbet_body_layout\u00a0\u00bb][et_pb_column type=\u00a0\u00bb4_4&Prime; _builder_version=\u00a0\u00bb4.27.3&Prime; _module_preset=\u00a0\u00bbdefault\u00a0\u00bb global_colors_info=\u00a0\u00bb{}\u00a0\u00bb theme_builder_area=\u00a0\u00bbet_body_layout\u00a0\u00bb][et_pb_text _builder_version=\u00a0\u00bb4.27.3&Prime; _module_preset=\u00a0\u00bbdefault\u00a0\u00bb global_colors_info=\u00a0\u00bb{}\u00a0\u00bb theme_builder_area=\u00a0\u00bbet_body_layout\u00a0\u00bb hover_enabled=\u00a0\u00bb0&Prime; sticky_enabled=\u00a0\u00bb0&Prime;]<\/p>\n<p data-start=\"66\" data-end=\"81\">\u00c0 Dunkerque :<\/p>\n<ul data-start=\"82\" data-end=\"180\">\n<li data-section-id=\"18lf2ow\" data-start=\"82\" data-end=\"101\">2 ans d\u2019attente<\/li>\n<li data-section-id=\"toksao\" data-start=\"102\" data-end=\"128\">des enfants sans suivi<\/li>\n<li data-section-id=\"1jhhvq4\" data-start=\"129\" data-end=\"180\">des familles contraintes de traverser la France<\/li>\n<\/ul>\n<p data-start=\"182\" data-end=\"249\">Face \u00e0 \u00e7a, il y avait deux options : observer\u2026 ou agir.<br data-start=\"237\" data-end=\"240\" \/>J\u2019ai agi.<\/p>\n<p data-start=\"251\" data-end=\"367\">Construire dans les r\u00e8gles\u2026 et comprendre<br data-start=\"292\" data-end=\"295\" \/>Je n\u2019ai jamais contourn\u00e9 le cadre. Entre 2010 et 2015, tout a \u00e9t\u00e9 fait :<\/p>\n<p data-start=\"369\" data-end=\"438\">protocoles d\u00e9pos\u00e9s<br data-start=\"387\" data-end=\"390\" \/>institutions rencontr\u00e9es<br data-start=\"414\" data-end=\"417\" \/>autorit\u00e9s inform\u00e9es<\/p>\n<p data-start=\"440\" data-end=\"534\">Le verdict \u00e9tait toujours le m\u00eame :<br data-start=\"475\" data-end=\"478\" \/>\u201cC\u2019est pertinent\u201d<br data-start=\"495\" data-end=\"498\" \/>\u201cC\u2019est innovant\u201d<br data-start=\"514\" data-end=\"517\" \/>\u201c\u00c7a fonctionne\u201d<\/p>\n<p data-start=\"536\" data-end=\"569\">Mais derri\u00e8re :<br data-start=\"551\" data-end=\"554\" \/>rien ne bouge<\/p>\n<p data-start=\"571\" data-end=\"647\">Pourquoi ?<br data-start=\"581\" data-end=\"584\" \/>Parce que le probl\u00e8me n\u2019est pas technique.<br data-start=\"626\" data-end=\"629\" \/>Il est structurel.<\/p>\n<p data-start=\"649\" data-end=\"817\">Quand la coop\u00e9ration devient un monopole<br data-start=\"689\" data-end=\"692\" \/>Les premiers protocoles que j\u2019ai d\u00e9pos\u00e9s reposaient sur une id\u00e9e simple :<br data-start=\"765\" data-end=\"768\" \/>ouvrir la coop\u00e9ration<br data-start=\"789\" data-end=\"792\" \/>fluidifier les parcours<\/p>\n<p data-start=\"819\" data-end=\"957\">Avec le temps, cette logique a \u00e9t\u00e9 invers\u00e9e.<br data-start=\"863\" data-end=\"866\" \/>Ce qui devait \u00eatre un syst\u00e8me ouvert est devenu, dans certains cas, un syst\u00e8me verrouill\u00e9 :<\/p>\n<p data-start=\"959\" data-end=\"1064\">revendication d\u2019exclusivit\u00e9<br data-start=\"986\" data-end=\"989\" \/>pressions sur les acteurs de terrain<br data-start=\"1025\" data-end=\"1028\" \/>limitation des mod\u00e8les alternatifs<\/p>\n<p data-start=\"1066\" data-end=\"1143\">On ne parle plus d\u2019organisation des soins.<br data-start=\"1108\" data-end=\"1111\" \/>On parle de contr\u00f4le de l\u2019acc\u00e8s.<\/p>\n<p data-start=\"1145\" data-end=\"1268\">2015 : dire la v\u00e9rit\u00e9 devient un probl\u00e8me<br data-start=\"1186\" data-end=\"1189\" \/>En 2015, j\u2019alerte :<br data-start=\"1208\" data-end=\"1211\" \/>l\u2019acc\u00e8s aux soins est frein\u00e9 par des int\u00e9r\u00eats install\u00e9s<\/p>\n<p data-start=\"1270\" data-end=\"1324\">On me r\u00e9pond :<br data-start=\"1284\" data-end=\"1287\" \/>\u201cvous exag\u00e9rez\u201d<br data-start=\"1302\" data-end=\"1305\" \/>\u201cvous pol\u00e9miquez\u201d<\/p>\n<p data-start=\"1326\" data-end=\"1407\">Aujourd\u2019hui ?<br data-start=\"1339\" data-end=\"1342\" \/>Cour des comptes<br data-start=\"1358\" data-end=\"1361\" \/>rapports parlementaires<br data-start=\"1384\" data-end=\"1387\" \/>d\u00e9bats budg\u00e9taires<\/p>\n<p data-start=\"1409\" data-end=\"1492\">Tout le monde dit la m\u00eame chose.<br data-start=\"1441\" data-end=\"1444\" \/>La diff\u00e9rence, c\u2019est que moi\u2026 je le disais d\u00e9j\u00e0.<\/p>\n<p data-start=\"1494\" data-end=\"1605\">Le tournant : quand le mod\u00e8le devient europ\u00e9en<br data-start=\"1540\" data-end=\"1543\" \/>En France, le mod\u00e8le est frein\u00e9.<br data-start=\"1575\" data-end=\"1578\" \/>En Europe, il fonctionne.<\/p>\n<p data-start=\"1607\" data-end=\"1712\">Depuis 2018 :<br data-start=\"1620\" data-end=\"1623\" \/>des milliers de patients pris en charge<br data-start=\"1662\" data-end=\"1665\" \/>des d\u00e9lais r\u00e9duits<br data-start=\"1683\" data-end=\"1686\" \/>des diagnostics r\u00e9alis\u00e9s<\/p>\n<p data-start=\"1714\" data-end=\"1804\">Conclusion simple :<br data-start=\"1733\" data-end=\"1736\" \/>ce n\u2019est pas la m\u00e9decine qui bloque<br data-start=\"1771\" data-end=\"1774\" \/>c\u2019est l\u2019organisation fran\u00e7aise<\/p>\n<p data-start=\"1806\" data-end=\"1957\">Depuis le Covid : la d\u00e9rive industrielle<br data-start=\"1846\" data-end=\"1849\" \/>La crise Covid a acc\u00e9l\u00e9r\u00e9 la t\u00e9l\u00e9m\u00e9decine.<br data-start=\"1891\" data-end=\"1894\" \/>C\u2019\u00e9tait une chance.<br data-start=\"1913\" data-end=\"1916\" \/>Elle est en train de devenir un risque.<\/p>\n<p data-start=\"1959\" data-end=\"2087\">Depuis 2022, une nouvelle logique s\u2019impose :<br data-start=\"2003\" data-end=\"2006\" \/>industrialisation<br data-start=\"2023\" data-end=\"2026\" \/>standardisation<br data-start=\"2041\" data-end=\"2044\" \/>production d\u2019ordonnances \u00e0 grande \u00e9chelle<\/p>\n<p data-start=\"2089\" data-end=\"2219\">Aujourd\u2019hui, ces plateformes couvrent une part significative du march\u00e9, avec une pr\u00e9sence croissante dans les r\u00e9seaux d\u2019optique.<\/p>\n<p data-start=\"2221\" data-end=\"2258\">On a chang\u00e9 de mod\u00e8le\u2026 sans le dire<\/p>\n<p data-start=\"2260\" data-end=\"2323\">Soyons clairs :<br data-start=\"2275\" data-end=\"2278\" \/>on est pass\u00e9 du soin<br data-start=\"2298\" data-end=\"2301\" \/>\u00e0 la gestion de flux<\/p>\n<p data-start=\"2325\" data-end=\"2451\">Dans certains cas :<br data-start=\"2344\" data-end=\"2347\" \/>pas de v\u00e9ritable strat\u00e9gie de d\u00e9pistage<br data-start=\"2386\" data-end=\"2389\" \/>parcours r\u00e9duits \u00e0 l\u2019essentiel<br data-start=\"2419\" data-end=\"2422\" \/>logique de volume dominante<\/p>\n<p data-start=\"2453\" data-end=\"2533\">Une question simple :<br data-start=\"2474\" data-end=\"2477\" \/>d\u00e9piste-t-on encore\u2026<br data-start=\"2497\" data-end=\"2500\" \/>ou produit-on des ordonnances ?<\/p>\n<p data-start=\"2535\" data-end=\"2620\">Le risque sanitaire est r\u00e9el<br data-start=\"2563\" data-end=\"2566\" \/>Et il ne s\u2019agit pas d\u2019une hypoth\u00e8se.<br data-start=\"2602\" data-end=\"2605\" \/>Il est d\u00e9j\u00e0 l\u00e0.<\/p>\n<p data-start=\"2622\" data-end=\"2778\">Une patiente se pr\u00e9sente chez un opticien partenaire PLUS BELLE MA VUE dans le cadre d\u2019un parcours structur\u00e9. Aucun sympt\u00f4me. Une vision mesur\u00e9e \u00e0 12\/10e.<\/p>\n<p data-start=\"2780\" data-end=\"2816\">Tout semble normal.<br data-start=\"2799\" data-end=\"2802\" \/>Et pourtant.<\/p>\n<p data-start=\"2818\" data-end=\"3023\">L\u2019analyse \u00e0 distance met en \u00e9vidence une anomalie du fond d\u2019\u0153il \u00e9vocatrice d\u2019un \u0153d\u00e8me papillaire. Par prudence, aucune ordonnance n\u2019est d\u00e9livr\u00e9e. Une prise en charge sp\u00e9cialis\u00e9e en urgence est organis\u00e9e.<\/p>\n<p data-start=\"3025\" data-end=\"3146\">Quelques jours plus tard, le diagnostic est confirm\u00e9 en milieu hospitalier, avec mise en place d\u2019un suivi neurologique.<\/p>\n<p data-start=\"3148\" data-end=\"3232\">Sans notre dispositif :<br data-start=\"3171\" data-end=\"3174\" \/>pas de d\u00e9pistage<br data-start=\"3190\" data-end=\"3193\" \/>pas d\u2019alerte<br data-start=\"3205\" data-end=\"3208\" \/>pas de prise en charge<\/p>\n<p data-start=\"3234\" data-end=\"3332\">Cette patiente n\u2019aurait probablement jamais consult\u00e9 \u00e0 ce moment-l\u00e0.<br data-start=\"3302\" data-end=\"3305\" \/>Elle voyait parfaitement.<\/p>\n<p data-start=\"3334\" data-end=\"3435\">C\u2019est pr\u00e9cis\u00e9ment l\u00e0 que se situe le danger : confondre absence de sympt\u00f4me et absence de pathologie.<\/p>\n<p data-start=\"3437\" data-end=\"3553\">L\u2019ophtalmologie, ce n\u2019est pas juste des lunettes.<br data-start=\"3486\" data-end=\"3489\" \/>C\u2019est : du glaucome, de la DMLA, des pathologies neurologiques<\/p>\n<p data-start=\"3555\" data-end=\"3676\">R\u00e9duire le parcours \u00e0 une simple prescription, c\u2019est accepter un risque :<br data-start=\"3628\" data-end=\"3631\" \/>diagnostics trop tardifs<br data-start=\"3655\" data-end=\"3658\" \/>pertes de chance<\/p>\n<p data-start=\"3678\" data-end=\"3731\">Et ce risque, aujourd\u2019hui, est largement sous-estim\u00e9.<\/p>\n<p data-start=\"3733\" data-end=\"3818\">Des alertes\u2026 et un silence<br data-start=\"3759\" data-end=\"3762\" \/>Ces d\u00e9rives ont \u00e9t\u00e9 signal\u00e9es.<br data-start=\"3792\" data-end=\"3795\" \/>\u00c0 plusieurs reprises.<\/p>\n<p data-start=\"3820\" data-end=\"3839\">R\u00e9sultat ?<br data-start=\"3830\" data-end=\"3833\" \/>rien<\/p>\n<p data-start=\"3841\" data-end=\"3870\">Pire : le syst\u00e8me s\u2019organise.<\/p>\n<p data-start=\"3872\" data-end=\"4036\">Un \u00e9cosyst\u00e8me sous influence<br data-start=\"3900\" data-end=\"3903\" \/>Ce qui se met en place est connu :<br data-start=\"3937\" data-end=\"3940\" \/>structuration industrielle<br data-start=\"3966\" data-end=\"3969\" \/>logiques d\u2019acteurs dominants<br data-start=\"3997\" data-end=\"4000\" \/>alignement progressif des int\u00e9r\u00eats<\/p>\n<p data-start=\"4038\" data-end=\"4182\">Et pendant ce temps :<br data-start=\"4059\" data-end=\"4062\" \/>certains m\u00e9dias professionnels promeuvent massivement ces mod\u00e8les<br data-start=\"4127\" data-end=\"4130\" \/>tout en ignorant volontairement d\u2019autres approches<\/p>\n<p data-start=\"4184\" data-end=\"4232\">Ce n\u2019est plus un d\u00e9bat.<br data-start=\"4207\" data-end=\"4210\" \/>C\u2019est un d\u00e9s\u00e9quilibre.<\/p>\n<p data-start=\"4234\" data-end=\"4363\">La vraie question<br data-start=\"4251\" data-end=\"4254\" \/>Le sujet n\u2019est pas de d\u00e9signer des coupables.<br data-start=\"4299\" data-end=\"4302\" \/>Le sujet est simple :<br data-start=\"4323\" data-end=\"4326\" \/>quel mod\u00e8le de sant\u00e9 voulons-nous ?<\/p>\n<p data-start=\"4365\" data-end=\"4448\">Un mod\u00e8le :<br data-start=\"4376\" data-end=\"4379\" \/>pilot\u00e9 par le patient<br data-start=\"4400\" data-end=\"4403\" \/>ou<br data-start=\"4405\" data-end=\"4408\" \/>structur\u00e9 par des logiques \u00e9conomiques<\/p>\n<p data-start=\"4450\" data-end=\"4611\">Proportionnalit\u00e9 : le mot que personne ne veut entendre<br data-start=\"4505\" data-end=\"4508\" \/>Aujourd\u2019hui, on impose des restrictions :<br data-start=\"4549\" data-end=\"4552\" \/>sur qui peut faire quoi<br data-start=\"4575\" data-end=\"4578\" \/>sur comment organiser les soins<\/p>\n<p data-start=\"4613\" data-end=\"4700\">Mais une question n\u2019est jamais pos\u00e9e :<br data-start=\"4651\" data-end=\"4654\" \/>ces restrictions sont-elles proportionn\u00e9es ?<\/p>\n<p data-start=\"4702\" data-end=\"4845\">Quand elles emp\u00eachent des solutions efficaces d\u2019exister,<br data-start=\"4758\" data-end=\"4761\" \/>quand elles limitent l\u2019acc\u00e8s aux soins,<br data-start=\"4800\" data-end=\"4803\" \/>elles ne prot\u00e8gent plus<br data-start=\"4826\" data-end=\"4829\" \/>elles bloquent<\/p>\n<p data-start=\"4847\" data-end=\"4991\">La solution existe<br data-start=\"4865\" data-end=\"4868\" \/>Elle est connue :<br data-start=\"4885\" data-end=\"4888\" \/>coop\u00e9ration r\u00e9elle<br data-start=\"4906\" data-end=\"4909\" \/>d\u00e9l\u00e9gation encadr\u00e9e<br data-start=\"4928\" data-end=\"4931\" \/>t\u00e9l\u00e9m\u00e9decine int\u00e9gr\u00e9e<br data-start=\"4952\" data-end=\"4955\" \/>organisation intelligente des flux<\/p>\n<p data-start=\"4993\" data-end=\"5023\">acc\u00e8s + qualit\u00e9 + efficacit\u00e9<\/p>\n<p data-start=\"5025\" data-end=\"5070\">Rien de r\u00e9volutionnaire.<br data-start=\"5049\" data-end=\"5052\" \/>Juste du bon sens.<\/p>\n<p data-start=\"5072\" data-end=\"5168\">Conclusion<br data-start=\"5082\" data-end=\"5085\" \/>Deux choix.<br data-start=\"5096\" data-end=\"5099\" \/>maintenir un syst\u00e8me ferm\u00e9<br data-start=\"5125\" data-end=\"5128\" \/>ou ouvrir r\u00e9ellement l\u2019acc\u00e8s aux soins<\/p>\n<p data-start=\"5170\" data-end=\"5258\">Depuis 2018, Plus Belle Ma Vue s\u2019efforce de d\u00e9montrer qu\u2019un autre mod\u00e8le est possible.<\/p>\n<p data-start=\"5260\" data-end=\"5409\">Un mod\u00e8le structur\u00e9, fond\u00e9 sur un d\u00e9pistage m\u00e9dical syst\u00e9matique :<br data-start=\"5326\" data-end=\"5329\" \/>fond d\u2019\u0153il<br data-start=\"5339\" data-end=\"5342\" \/>mesure de la tension intraoculaire<br data-start=\"5376\" data-end=\"5379\" \/>analyse du segment ant\u00e9rieur<\/p>\n<p data-start=\"5411\" data-end=\"5648\">Un mod\u00e8le dans lequel la s\u00e9curit\u00e9 prime :<br data-start=\"5452\" data-end=\"5455\" \/>en cas de suspicion de pathologie mena\u00e7ant le pronostic visuel, aucune ordonnance n\u2019est d\u00e9livr\u00e9e<br data-start=\"5551\" data-end=\"5554\" \/>le patient est orient\u00e9 de mani\u00e8re prioris\u00e9e vers un ophtalmologiste ou une structure adapt\u00e9e<\/p>\n<p data-start=\"5650\" data-end=\"5819\">Un mod\u00e8le organis\u00e9 pour fluidifier sans banaliser :<br data-start=\"5701\" data-end=\"5704\" \/>transmission s\u00e9curis\u00e9e des donn\u00e9es<br data-start=\"5738\" data-end=\"5741\" \/>hi\u00e9rarchisation des urgences<br data-start=\"5769\" data-end=\"5772\" \/>coordination avec les professionnels de sant\u00e9<\/p>\n<p data-start=\"5821\" data-end=\"6123\">Ce mod\u00e8le repose sur une \u00e9thique claire :<br data-start=\"5862\" data-end=\"5865\" \/>aucune d\u00e9pendance financi\u00e8re avec les opticiens partenaires<br data-start=\"5924\" data-end=\"5927\" \/>aucune logique de volume ou de prescription syst\u00e9matique<br data-start=\"5983\" data-end=\"5986\" \/>une implantation pens\u00e9e pour r\u00e9pondre aux besoins r\u00e9els, notamment dans les territoires sous-dot\u00e9s, et non dans les zones d\u00e9j\u00e0 satur\u00e9es<\/p>\n<p data-start=\"6125\" data-end=\"6236\">Les professionnels impliqu\u00e9s sont form\u00e9s, dipl\u00f4m\u00e9s, et engag\u00e9s dans une d\u00e9marche de sant\u00e9 visuelle exigeante.<\/p>\n<p data-start=\"6238\" data-end=\"6357\">Rien d\u2019exp\u00e9rimental. Rien d\u2019improvis\u00e9.<br data-start=\"6276\" data-end=\"6279\" \/>Simplement une organisation du soin qui place r\u00e9ellement le patient au centre.<\/p>\n<p data-start=\"6359\" data-end=\"6430\">Aujourd\u2019hui, le syst\u00e8me h\u00e9site.<br data-start=\"6390\" data-end=\"6393\" \/>Les patients, eux, n\u2019ont pas ce luxe.<\/p>\n<p data-start=\"6432\" data-end=\"6554\">Mise \u00e0 jour \u2013 2025<br data-start=\"6450\" data-end=\"6453\" \/>Le mot \u201crente\u201d est d\u00e9sormais utilis\u00e9 au plus haut niveau.<br data-start=\"6510\" data-end=\"6513\" \/>Ce qui \u00e9tait marginal est devenu central.<\/p>\n<p data-start=\"6556\" data-end=\"6679\">Derni\u00e8re chose<br data-start=\"6570\" data-end=\"6573\" \/>On peut ignorer les signaux faibles.<br data-start=\"6609\" data-end=\"6612\" \/>On peut retarder les r\u00e9formes.<br data-start=\"6642\" data-end=\"6645\" \/>On peut prot\u00e9ger des \u00e9quilibres.<\/p>\n<p data-start=\"6681\" data-end=\"6752\">Mais une chose est certaine : les pathologies, elles, n\u2019attendent pas<\/p>\n<p data-start=\"6754\" data-end=\"6871\">Et le jour o\u00f9 les diagnostics tardifs deviendront visibles,<br data-start=\"6813\" data-end=\"6816\" \/>il sera trop tard pour expliquer qu\u2019on ne savait pas.<\/p>\n<p data-start=\"6873\" data-end=\"6907\">LE SCANDALE SANITAIRE ECLATERA !<\/p>\n<p>[\/et_pb_text][\/et_pb_column][\/et_pb_row][\/et_pb_section]<\/p>\n","protected":false},"excerpt":{"rendered":"<p>En France, dire la v\u00e9rit\u00e9 trop t\u00f4t est souvent per\u00e7u comme une provocation. Dix ans plus tard, cette v\u00e9rit\u00e9 finit toujours par s\u2019imposer. La mienne est simple : le blocage de l\u2019acc\u00e8s aux soins dans notre pays n\u2019est pas un accident. Il est syst\u00e9mique. Il est organis\u00e9. Et il prot\u00e8ge, de fait, des int\u00e9r\u00eats \u00e9tablis. [&hellip;]<\/p>\n","protected":false},"author":1,"featured_media":0,"comment_status":"open","ping_status":"open","sticky":false,"template":"","format":"standard","meta":{"_et_pb_use_builder":"on","_et_pb_old_content":"","_et_gb_content_width":"","footnotes":""},"categories":[1],"tags":[],"class_list":["post-191","post","type-post","status-publish","format-standard","hentry","category-non-classe"],"_links":{"self":[{"href":"https:\/\/www.jeromequenor.fr\/index.php\/wp-json\/wp\/v2\/posts\/191","targetHints":{"allow":["GET"]}}],"collection":[{"href":"https:\/\/www.jeromequenor.fr\/index.php\/wp-json\/wp\/v2\/posts"}],"about":[{"href":"https:\/\/www.jeromequenor.fr\/index.php\/wp-json\/wp\/v2\/types\/post"}],"author":[{"embeddable":true,"href":"https:\/\/www.jeromequenor.fr\/index.php\/wp-json\/wp\/v2\/users\/1"}],"replies":[{"embeddable":true,"href":"https:\/\/www.jeromequenor.fr\/index.php\/wp-json\/wp\/v2\/comments?post=191"}],"version-history":[{"count":3,"href":"https:\/\/www.jeromequenor.fr\/index.php\/wp-json\/wp\/v2\/posts\/191\/revisions"}],"predecessor-version":[{"id":198,"href":"https:\/\/www.jeromequenor.fr\/index.php\/wp-json\/wp\/v2\/posts\/191\/revisions\/198"}],"wp:attachment":[{"href":"https:\/\/www.jeromequenor.fr\/index.php\/wp-json\/wp\/v2\/media?parent=191"}],"wp:term":[{"taxonomy":"category","embeddable":true,"href":"https:\/\/www.jeromequenor.fr\/index.php\/wp-json\/wp\/v2\/categories?post=191"},{"taxonomy":"post_tag","embeddable":true,"href":"https:\/\/www.jeromequenor.fr\/index.php\/wp-json\/wp\/v2\/tags?post=191"}],"curies":[{"name":"wp","href":"https:\/\/api.w.org\/{rel}","templated":true}]}}